{"id":3605,"date":"2026-03-15T15:15:53","date_gmt":"2026-03-15T13:15:53","guid":{"rendered":"https:\/\/www.uudistekeskus.ee\/?p=3605"},"modified":"2026-03-15T15:15:53","modified_gmt":"2026-03-15T13:15:53","slug":"15-marts-paev-mis-meenutab-sirgeselgsuse-voimalikkust-veel-erilise-selgusega","status":"publish","type":"post","link":"https:\/\/www.uudistekeskus.eu\/?p=3605","title":{"rendered":"15. m\u00e4rts \u2013 p\u00e4ev, mis meenutab sirgeselgsuse v\u00f5imalikkust veel erilise selgusega"},"content":{"rendered":"<p class=\"western\" align=\"left\"><span lang=\"et-EE\" style=\"color: #000000;\"><b>Au-ungarlase asjakohane m\u00f5tisklus Ungari rahvusp\u00fchal<\/b><\/span><\/p>\n<p class=\"western\" align=\"left\"><span lang=\"et-EE\" style=\"color: #000000;\">Nii orjameelsus kui ka sirgeselgsus on puhtalt inimese sisemise hoiaku v\u00e4ljendus, inimese enese valik. V\u00e4lise j\u00f5uga saab kedagi muuta k\u00fcll orjaks (inimkonna ajaloost leiame selle kohta n\u00e4iteid paraku arvukalt), kuid mitte orjameelseks. <\/span><\/p>\n<p class=\"western\" align=\"left\"><span lang=\"et-EE\" style=\"color: #000000;\">Sama kehtib sirgeselgsuse kohta: v\u00e4lise j\u00f5uga, \u00fcksk\u00f5ik kui k\u00f5rge aukandja k\u00e4suga ei saa muuta kedagi sirgeselgseks, ausameelseks ega vabadustarmastavaks. <\/span><\/p>\n<p class=\"western\" align=\"left\"><span lang=\"et-EE\" style=\"color: #000000;\">Seesmiselt tugev inimene suudab k\u00f5ige r\u00e4ngemateski oludes s\u00e4ilitada sisemise vabaduse. Ja vastupidi: v\u00e4liselt k\u00f5ige m\u00f5jukamgi inimene v\u00f5ib olla seesmiselt v\u00e4ga orjameelne.<\/span><\/p>\n<p class=\"western\" align=\"left\"><span lang=\"et-EE\" style=\"color: #000000;\">T\u00e4nane kuup\u00e4ev, 15. m\u00e4rts, sobib sirgeselgsusest ja orjameelsusest m\u00f5tisklemiseks veel eriti h\u00e4sti. Sest just t\u00e4na t\u00e4histavad ungarlased \u00fcht oma kolmest suurest rahvusp\u00fchast \u2013 1848. aasta \u00fclest\u00f5usu algust. T\u00e4na k\u00e4ivad v\u00e4ga paljud ungarlased kogu maailmas ringi, puna-valge-roheline lindike rinnas, tundes oma esivanemate ja rahvuse \u00fcle veel eriti suurt uhkust. <\/span><\/p>\n<p class=\"western\" align=\"left\"><span lang=\"et-EE\" style=\"color: #000000;\">Ja esivanematel omakorda on p\u00f5hjust tunda uhkust suurema osa n\u00fc\u00fcdisungarlaste \u00fcle, seda eriti alates 2010. aastast. Sest just tollest aastast peale on ungarlased nii Ungaris kui mujalgi seisnud kindlalt vastu k\u00f5igele loomuvastasele, millega on tahetud neid n\u00f5rgestada, kahjustada ja tasal\u00fclitada. N\u00f5rgestajad, kahjustajad ja tasal\u00fclitajad on saanud ungarlastelt iga kord v\u00e4\u00e4rilise vastul\u00f6\u00f6gi. Ja saavad edaspidigi.<\/span><\/p>\n<p class=\"western\" align=\"left\"><span lang=\"et-EE\" style=\"color: #000000;\"><b>Eestlaste ja ungarlaste v\u00f5rdlus sirgeselgsuse\/orjameelsuse skaalal<\/b><\/span><\/p>\n<p class=\"western\" align=\"left\"><span style=\"color: #000000;\"><span lang=\"et-EE\">Kui v\u00f5rdlen ungarlaste k\u00e4itumist oma kallite rahvuskaaslaste k\u00e4itumisega, siis tunnen, et parema meelega oleksin ungarlane. Sest n\u00fc\u00fcdiseestlaste hulgas on liiga palju neid, kellele sirgeselgsus ja otsekohesus on <\/span><span lang=\"et-EE\"><b>t\u00e4iesti v\u00f5\u00f5rad<\/b><\/span><span lang=\"et-EE\"> isikuomadused. Ungarlased ajavad <\/span><span lang=\"et-EE\"><b>ennek\u00f5ike oma<\/b><\/span><span lang=\"et-EE\"> asja (nagu ongi \u00f5ige, sest \u00fckski teine rahvus ei tule ju elama ungarlaste elu ungarlaste endi eest), seevastu suurem osa eestlasi ajab <\/span><span lang=\"et-EE\"><b>ennek\u00f5ike v\u00f5\u00f5rast<\/b><\/span><span lang=\"et-EE\"> asja, olles selle nimel valmis halvustama, t\u00f5rjuma ja r\u00fcndama neid rahvuskaaslasi, kes peavad endastm\u00f5istetavaks, et eestlastelgi tuleb ennek\u00f5ike ajada oma asja.<\/span><\/span><\/p>\n<p class=\"western\" align=\"left\"><span style=\"color: #000000;\"><span lang=\"et-EE\">Eriti selgelt on see erinevus ilmnenud alates 2022. aasta veebruarist. Tollest ajast peale lehvib Eestis igal pool <\/span><span lang=\"et-EE\"><b>v\u00f5\u00f5ras<\/b><\/span><span lang=\"et-EE\"> \u2013 sinikollane \u2013 lipp, otsusi tehakse l\u00e4htuvalt ennek\u00f5ike selle riigi huvidest, kelle oma see lipp on. Enamgi veel, selle v\u00f5\u00f5ra lipu v\u00e4rvid on j\u00f5udnud juba ka Eesti kaitsev\u00e4elaste (!) ja p\u00e4\u00e4stet\u00f6\u00f6tajate (!) vormiriietusele. Eesti peavooluajakirjandus esitab s\u00fcndmusi nii, nagu on kasulik selle lipu omanikuks olevale riigile, Eesti poliitikud aga suunavad Eesti (!) riigieelarvest raha selle v\u00f5\u00f5ra (!) riigi toetuseks. Kujundlikult \u00f6eldes: suurem osa n\u00fc\u00fcdiseestlastest k\u00fc\u00fcrutab sinikollase lipu omaniku ees, olles valmis tollele andma hinge tagant kas v\u00f5i viimase, vajadusel aga k\u00e4ituma koguni tallalakkujana.<\/span><\/span><\/p>\n<p class=\"western\" align=\"left\"><span lang=\"et-EE\" style=\"color: #000000;\">Seevastu suurem osa ungarlastest on k\u00e4itunud ja k\u00e4itub endiselt t\u00e4iesti teisiti \u2013 risti vastupidi \u00e4sjakirjeldatud eestlaste k\u00e4itumisele. See on ka t\u00e4iesti arusaadav, sest k\u00f5nealuse lipu omaniku puhul on tegemist n\u00fc\u00fcdis-Ungari ja n\u00fc\u00fcdisungarlaste suurima vaenlasega. \u00dcksikasjalik kirjeldus ta ungarlastele tehtud \u00fclekohtust l\u00e4heks siinkohal pikaks, sestap j\u00e4\u00e4gu see teiseks korraks. Kindel on aga see, et ungarlastel on hea m\u00e4lu. Nad m\u00e4letavad v\u00e4ga h\u00e4sti nii head kui halba, mis neile eales on tehtud. Ja on \u00e4\u00e4rmiselt eluv\u00f5\u00f5ras loota, et nad soostuks andestama kellelegi, kes enda tehtud \u00fclekohut pole kahetsenud ega kavatsegi kahetseda, vaid vastupidi, keerab vinti aina juurde.<\/span><\/p>\n<p class=\"western\" align=\"left\"><span style=\"color: #000000;\">\u201e<span lang=\"et-EE\">Ungari pole Ukraina asumaa, Zelenski siin ei k\u00e4suta!\u201d \u00fctles Ungari peaminister <\/span><span lang=\"et-EE\"><b>Viktor <\/b><\/span><span lang=\"et-EE\"><b>Orb<\/b><\/span><b>\u00e1<\/b><span lang=\"et-EE\"><b>n<\/b><\/span><span lang=\"et-EE\"> 14. m\u00e4rtsil 2026 tehtud videop\u00f6\u00f6rdumises. <\/span><span lang=\"et-EE\">Orb<\/span><span lang=\"et-EE\">\u00e1<\/span><span lang=\"et-EE\">n<\/span><\/span><span lang=\"et-EE\"><span style=\"color: #000000;\"> kutsus ungarlasi \u00fcles t\u00e4histama<\/span> <span style=\"color: #000000;\">2026. aasta 15. m\u00e4rtsi nii pidulikult kui v\u00e4hegi v\u00f5imalik, samuti osalema samaks p\u00e4evaks kavandatud Rahumarsil <\/span><\/span><span style=\"color: #000000;\"><span lang=\"et-EE\"><b>(pildil)<\/b><\/span><span lang=\"et-EE\">. <\/span><\/span><\/p>\n<p class=\"western\" align=\"left\"><span style=\"color: #000000;\"><span lang=\"et-EE\">Erilise kaalu andis <\/span><span lang=\"et-EE\">Orb<\/span><span lang=\"et-EE\">\u00e1<\/span><span lang=\"et-EE\">n<\/span><span lang=\"et-EE\">i s\u00f5nadele asjaolu, et m\u00e4rtsikuu esimesel poolel oli talle tehtud Ukrainast v\u00e4hemalt kolm tapmis\u00e4hvardust \u2013 \u00fche (looritatuma) tegijaks Ukraina president <\/span><span lang=\"et-EE\"><b>Vladimir Zelenski<\/b><\/span><span lang=\"et-EE\">, \u00fclej\u00e4\u00e4nud kahe (selges\u00f5nalise) tegijaks aga endine Ukraina salateenistuse kindralleitnant <\/span><span lang=\"et-EE\"><b>Grigori Omelt\u0161enko<\/b><\/span><span lang=\"et-EE\">. Sealhulgas puudutasid Omelt\u0161enko \u00e4hvardused ka <\/span><span lang=\"et-EE\">Orb<\/span><span lang=\"et-EE\">\u00e1<\/span><span lang=\"et-EE\">n<\/span><span lang=\"et-EE\">i lapsi ja lapselapsi.<\/span><\/span><\/p>\n<p class=\"western\" align=\"left\"><span lang=\"et-EE\" style=\"color: #000000;\"><b>Tapmis\u00e4hvardused Ukrainast suurendasid rahvuslikku \u00fchtsust<\/b><\/span><\/p>\n<p class=\"western\" align=\"left\"><span style=\"color: #000000;\"><span lang=\"et-EE\">P\u00e4rast Zelenski tehtud tapmis\u00e4hvardust <\/span><span lang=\"et-EE\">Orb<\/span><span lang=\"et-EE\">\u00e1<\/span><span lang=\"et-EE\">n<\/span><span lang=\"et-EE\">ile juhtus esmapilgul ime, l\u00e4hemal vaatlusel aga t\u00e4iesti loomulik asi: <\/span><span lang=\"et-EE\">Orb<\/span><span lang=\"et-EE\">\u00e1<\/span><span lang=\"et-EE\">n<\/span><span lang=\"et-EE\">i kaitseks astus v\u00e4lja ka ta k\u00f5ige vihasem poliitiline vastane \u2013 Ungari m\u00f5jukaima opositsioonierakonna TISZA esimees <\/span><span lang=\"et-EE\"><b>P\u00e9ter Magyar<\/b><\/span><span lang=\"et-EE\">. Too taunis k\u00f5nealust tapmis\u00e4hvardust \u00e4gedalt ja lisas, et igasugune \u00e4hvardamine Ungari kodanike aadressil on t\u00e4iesti lubamatu. \u00dchtlasi n\u00f5udis Magyar Euroopa Liidu juhtkonnalt selge s\u00f5naga, et kui Zelenski oma s\u00f5nu tagasi ei v\u00f5ta, siis katkestaks EL Ukrainaga k\u00f5ik suhted.<\/span><\/span><\/p>\n<p class=\"western\" align=\"left\"><span lang=\"et-EE\" style=\"color: #000000;\">Seega selgus taas, et veri on paksem kui vesi. Euroopa Liidu k\u00e4epikenduseks peetud Magyari jaoks saabus t\u00f5ehetk. Tal oli valida: kas k\u00e4ituda Ungari patrioodina v\u00f5i rahvusreeturina. Ta eelistas esimest. Olnukski v\u00e4ga kummaline, lausa eluv\u00f5\u00f5ras oodata Magyarilt kiidulaulu Zelenski tehtud tapmis\u00e4hvardusele. Sest sel moel peletanuks Magyar eemale v\u00e4ga paljud valijad, kes praeguste k\u00fcsitluste j\u00e4rgi on valmis ta erakonda t\u00e4navu 12. aprillil toimuvatel parlamendivalimistel toetama.<\/span><\/p>\n<p class=\"western\" align=\"left\"><span lang=\"et-EE\" style=\"color: #000000;\">Magyar teadis, et kui ta peaks kunagi Ungari valitsusjuhiks saama, siis poleks Ungari ja ungarlaste suurima vaenlase tehtavate \u00e4hvarduste eest kaitstud temagi.<\/span><\/p>\n<p class=\"western\" align=\"left\"><span style=\"color: #000000;\"><span lang=\"et-EE\">Mainitud tapmis\u00e4hvardused, samuti naftajuhtme \u201eS\u00f5prus\u201d kaudu liikuvate naftatarnete <\/span><span lang=\"et-EE\"><b>tahtlik<\/b><\/span><span lang=\"et-EE\"> kinnihoidmine idanaabri juhtkonna k\u00e4sul on suurendanud <\/span><span lang=\"et-EE\">Orb<\/span><span lang=\"et-EE\">\u00e1<\/span><span lang=\"et-EE\">n<\/span><span lang=\"et-EE\">i erakonna FIDESZ toetust valijate hulgas, samuti on suurendanud ungarlaste rahvuslikku \u00fchtsust. Seel\u00e4bi ka sirgeselgsust.<\/span><\/span><\/p>\n<p class=\"western\" align=\"left\"><span style=\"color: #000000;\"><span lang=\"et-EE\">Mis peaks juhtuma Eestis, et suurem osa eestlasi loobuks pugejalikkusest ja orjameelsusest ning asuks viimaks ometi k\u00e4ituma nii nagu ungarlased \u2013 ajama ennek\u00f5ike <\/span><span lang=\"et-EE\"><b>oma<\/b><\/span><span lang=\"et-EE\"> asja?<\/span><\/span><\/p>\n<p class=\"western\" align=\"left\"><span style=\"color: #000000;\"><span lang=\"et-EE\">Seda n\u00e4itab tulevik. Senikaua aga tunnen end kodusemalt sirgeselgsete ungarlaste kui oma pugejalike ja l\u00f6mitajakalduvustega rahvuskaaslaste hulgas. Ja olen oma ungari s\u00f5pradele t\u00e4nulik, et nad panid mulle omal ajal h\u00fc\u00fcdnimeks Au-ungarlane (ungari keeles <\/span><span lang=\"et-EE\"><i>Tiszteletbeli magyar<\/i><\/span><span lang=\"et-EE\">). Pean seda palju v\u00e4\u00e4rtuslikumaks kui \u00fcksk\u00f5ik millist <\/span><span lang=\"et-EE\"><b>ametlikku<\/b><\/span><span lang=\"et-EE\"> autasu, mis mu kodumaal on antud \u201ekutsututele ja seatutele\u201d, kellest paljud osutuvad l\u00e4hemal uurimisel hoopis karjeristideks, pugejateks ja lauskahjuriteks.<\/span><\/span><\/p>\n<p class=\"western\" align=\"left\"><span lang=\"et-EE\" style=\"color: #000000;\">Hingepuhtuse s\u00e4ilitanud eestlased igatahes on oma m\u00f5tetes ungarlastega. Nii 15. m\u00e4rtsil kui ka aasta k\u00f5igil teistel p\u00e4evadel.<\/span><\/p>\n","protected":false},"excerpt":{"rendered":"<p>Au-ungarlase asjakohane m\u00f5tisklus Ungari rahvusp\u00fchal Nii orjameelsus kui ka sirgeselgsus on puhtalt inimese sisemise hoiaku v\u00e4ljendus, inimese enese valik. V\u00e4lise j\u00f5uga saab kedagi muuta k\u00fcll orjaks (inimkonna ajaloost leiame selle&hellip;<\/p>\n","protected":false},"author":4,"featured_media":3606,"comment_status":"open","ping_status":"open","sticky":false,"template":"","format":"standard","meta":{"_eb_attr":"","footnotes":""},"categories":[16],"tags":[],"class_list":["post-3605","post","type-post","status-publish","format-standard","has-post-thumbnail","hentry","category-arvamus"],"_links":{"self":[{"href":"https:\/\/www.uudistekeskus.eu\/index.php?rest_route=\/wp\/v2\/posts\/3605","targetHints":{"allow":["GET"]}}],"collection":[{"href":"https:\/\/www.uudistekeskus.eu\/index.php?rest_route=\/wp\/v2\/posts"}],"about":[{"href":"https:\/\/www.uudistekeskus.eu\/index.php?rest_route=\/wp\/v2\/types\/post"}],"author":[{"embeddable":true,"href":"https:\/\/www.uudistekeskus.eu\/index.php?rest_route=\/wp\/v2\/users\/4"}],"replies":[{"embeddable":true,"href":"https:\/\/www.uudistekeskus.eu\/index.php?rest_route=%2Fwp%2Fv2%2Fcomments&post=3605"}],"version-history":[{"count":1,"href":"https:\/\/www.uudistekeskus.eu\/index.php?rest_route=\/wp\/v2\/posts\/3605\/revisions"}],"predecessor-version":[{"id":3607,"href":"https:\/\/www.uudistekeskus.eu\/index.php?rest_route=\/wp\/v2\/posts\/3605\/revisions\/3607"}],"wp:featuredmedia":[{"embeddable":true,"href":"https:\/\/www.uudistekeskus.eu\/index.php?rest_route=\/wp\/v2\/media\/3606"}],"wp:attachment":[{"href":"https:\/\/www.uudistekeskus.eu\/index.php?rest_route=%2Fwp%2Fv2%2Fmedia&parent=3605"}],"wp:term":[{"taxonomy":"category","embeddable":true,"href":"https:\/\/www.uudistekeskus.eu\/index.php?rest_route=%2Fwp%2Fv2%2Fcategories&post=3605"},{"taxonomy":"post_tag","embeddable":true,"href":"https:\/\/www.uudistekeskus.eu\/index.php?rest_route=%2Fwp%2Fv2%2Ftags&post=3605"}],"curies":[{"name":"wp","href":"https:\/\/api.w.org\/{rel}","templated":true}]}}