{"id":2660,"date":"2025-07-18T15:55:17","date_gmt":"2025-07-18T12:55:17","guid":{"rendered":"https:\/\/www.uudistekeskus.ee\/?p=2660"},"modified":"2025-07-18T15:55:17","modified_gmt":"2025-07-18T12:55:17","slug":"velemenyem-a-karpataljai-templomfelgyujtasrol","status":"publish","type":"post","link":"https:\/\/www.uudistekeskus.eu\/?p=2660","title":{"rendered":"V\u00e9lem\u00e9nyem a k\u00e1rp\u00e1taljai templomfelgy\u00fajt\u00e1sr\u00f3l"},"content":{"rendered":"<p><span style=\"color: #000000\"><span style=\"font-family: Liberation Serif, serif\"><span style=\"font-size: medium\">Ezek soviniszt\u00e1k, nem nacionalist\u00e1k.<\/span><\/span><\/span><\/p>\n<p><span style=\"font-family: 'Liberation Serif', serif;color: #000000\"><span style=\"font-size: medium\">Ilyenkor az \u00e9sztek mit sz\u00f3lnak hozz\u00e1?<\/span><\/span><\/p>\n<p><span style=\"font-family: 'Liberation Serif', serif;color: #000000\"><span style=\"font-size: medium\">Ha egy \u00e9szt templomot vagy b\u00e1rmilyen nemzeti eml\u00e9ket felgy\u00fajtan\u00e1nak, mi felh\u00e1borodn\u00e1nk.<\/span><\/span><\/p>\n<p><span style=\"font-family: 'Liberation Serif', serif;color: #000000\"><span style=\"font-size: medium\">Egy\u00e9bk\u00e9nt b\u00e1rmely nemzettel tenn\u00e9nek ilyet, akkor is felh\u00e1borodn\u00e1nk.<\/span><\/span><\/p>\n<p><span style=\"font-family: 'Liberation Serif', serif;color: #000000\"><span style=\"font-size: medium\">Ezek alap dolgok, m\u00e1sok eml\u00e9keit is tisztelni kell.<\/span><\/span><\/p>\n<p><span style=\"font-family: 'Liberation Serif', serif;color: #000000\"><span style=\"font-size: medium\">Ez a balk\u00e1ni mentalit\u00e1s, amit nem az oroszok vittek tov\u00e1bb a Szovjetuni\u00f3b\u00f3l, hanem az ukr\u00e1nok.<\/span><\/span><\/p>\n<p><span style=\"font-family: 'Liberation Serif', serif;color: #000000\"><span style=\"font-size: medium\">M\u00e1r a rom\u00e1nok is kezdenek ebb\u0151l kigy\u00f3gyulni.<\/span><\/span><\/p>\n<p><span style=\"font-family: 'Liberation Serif', serif;color: #000000\"><span style=\"font-size: medium\">Gondolja az ukr\u00e1n soviniszta, ha a magyarokat el\u0171zik, akkor minden probl\u00e9m\u00e1juk megold\u00f3dik?<\/span><\/span><\/p>\n<p><span style=\"font-family: 'Liberation Serif', serif;color: #000000\"><span style=\"font-size: medium\">Nem, akkor majd egym\u00e1st fogj\u00e1k \u00fctni.<\/span><\/span><\/p>\n<p><span style=\"font-family: 'Liberation Serif', serif;color: #000000\"><span style=\"font-size: medium\">Tal\u00e1lnak r\u00e1 majd indokot, hogy mi\u00e9rt teszik azt.<\/span><\/span><\/p>\n","protected":false},"excerpt":{"rendered":"<p>Ezek soviniszt\u00e1k, nem nacionalist\u00e1k. Ilyenkor az \u00e9sztek mit sz\u00f3lnak hozz\u00e1? Ha egy \u00e9szt templomot vagy b\u00e1rmilyen nemzeti eml\u00e9ket felgy\u00fajtan\u00e1nak, mi felh\u00e1borodn\u00e1nk. Egy\u00e9bk\u00e9nt b\u00e1rmely nemzettel tenn\u00e9nek ilyet, akkor is felh\u00e1borodn\u00e1nk. Ezek&hellip;<\/p>\n","protected":false},"author":16,"featured_media":2658,"comment_status":"open","ping_status":"open","sticky":false,"template":"","format":"standard","meta":{"_eb_attr":"","footnotes":""},"categories":[114],"tags":[],"class_list":["post-2660","post","type-post","status-publish","format-standard","has-post-thumbnail","hentry","category-magyar"],"_links":{"self":[{"href":"https:\/\/www.uudistekeskus.eu\/index.php?rest_route=\/wp\/v2\/posts\/2660","targetHints":{"allow":["GET"]}}],"collection":[{"href":"https:\/\/www.uudistekeskus.eu\/index.php?rest_route=\/wp\/v2\/posts"}],"about":[{"href":"https:\/\/www.uudistekeskus.eu\/index.php?rest_route=\/wp\/v2\/types\/post"}],"author":[{"embeddable":true,"href":"https:\/\/www.uudistekeskus.eu\/index.php?rest_route=\/wp\/v2\/users\/16"}],"replies":[{"embeddable":true,"href":"https:\/\/www.uudistekeskus.eu\/index.php?rest_route=%2Fwp%2Fv2%2Fcomments&post=2660"}],"version-history":[{"count":1,"href":"https:\/\/www.uudistekeskus.eu\/index.php?rest_route=\/wp\/v2\/posts\/2660\/revisions"}],"predecessor-version":[{"id":2661,"href":"https:\/\/www.uudistekeskus.eu\/index.php?rest_route=\/wp\/v2\/posts\/2660\/revisions\/2661"}],"wp:featuredmedia":[{"embeddable":true,"href":"https:\/\/www.uudistekeskus.eu\/index.php?rest_route=\/wp\/v2\/media\/2658"}],"wp:attachment":[{"href":"https:\/\/www.uudistekeskus.eu\/index.php?rest_route=%2Fwp%2Fv2%2Fmedia&parent=2660"}],"wp:term":[{"taxonomy":"category","embeddable":true,"href":"https:\/\/www.uudistekeskus.eu\/index.php?rest_route=%2Fwp%2Fv2%2Fcategories&post=2660"},{"taxonomy":"post_tag","embeddable":true,"href":"https:\/\/www.uudistekeskus.eu\/index.php?rest_route=%2Fwp%2Fv2%2Ftags&post=2660"}],"curies":[{"name":"wp","href":"https:\/\/api.w.org\/{rel}","templated":true}]}}