{"id":2458,"date":"2025-05-16T10:48:38","date_gmt":"2025-05-16T07:48:38","guid":{"rendered":"https:\/\/www.uudistekeskus.ee\/?p=2458"},"modified":"2025-05-16T10:48:38","modified_gmt":"2025-05-16T07:48:38","slug":"gondolatok-a-magyarorszagi-buszke-felvonulas-rol-es-betiltasarol","status":"publish","type":"post","link":"https:\/\/www.uudistekeskus.eu\/?p=2458","title":{"rendered":"Gondolatok a magyarorsz\u00e1gi \u201eb\u00fcszke felvonul\u00e1s\u201d-r\u00f3l \u00e9s betilt\u00e1s\u00e1r\u00f3l"},"content":{"rendered":"<p><span style=\"font-family: 'Liberation Serif', serif;color: #000000\"><span style=\"font-size: medium\"><b>A magyar orsz\u00e1ggy\u0171l\u00e9s megszavazta a Pride felvonul\u00e1s betilt\u00e1s\u00e1t.<\/b><\/span><\/span><\/p>\n<p><span style=\"color: #000000\"><span style=\"font-family: Liberation Serif, serif\"><span style=\"font-size: medium\">136 igen \u00e9s 27 nem mellett megszavazta a magyar orsz\u00e1ggy\u0171l\u00e9s (2025. m\u00e1rcius 18-i \u00fcl\u00e9s\u00e9n) a Pride felvonul\u00e1s betilt\u00e1s\u00e1t. A t\u00f6rv\u00e9nym\u00f3dos\u00edt\u00e1s szerint <\/span><\/span><span style=\"font-family: Liberation Serif, serif\"><span style=\"font-size: medium\"><b>\u201etilos az olyan gy\u0171l\u00e9s megtart\u00e1sa, amely a gyermekek v\u00e9delm\u00e9r\u0151l sz\u00f3l\u00f3 t\u00f6rv\u00e9nyben meghat\u00e1rozott tilalmat s\u00e9rt\u201d<\/b><\/span><\/span><span style=\"font-family: Liberation Serif, serif\"><span style=\"font-size: medium\">.<\/span><\/span> <span style=\"font-family: Liberation Serif, serif\"><span style=\"font-size: medium\">A t\u00f6rv\u00e9nym\u00f3dos\u00edt\u00e1s alapj\u00e1n szab\u00e1lys\u00e9rt\u00e9st k\u00f6vetnek el a tiltott gy\u0171l\u00e9s szervez\u0151i \u00e9s a r\u00e9sztvev\u0151i is, a szab\u00e1lys\u00e9rt\u00e9si t\u00f6rv\u00e9ny alapj\u00e1n a p\u00e9nzb\u00edrs\u00e1g legalacsonyabb \u00f6sszege 6500, (16 eur\u00f3) a legmagasabb pedig 200 ezer forint (500 eur\u00f3) lehet. <\/span><\/span><\/span><\/p>\n<p><span style=\"font-family: 'Liberation Serif', serif;color: #000000\"><span style=\"font-size: medium\">A tervezetet beny\u00fajt\u00f3k r\u00f6gz\u00edtett\u00e9k: a kiszabott p\u00e9nzb\u00edrs\u00e1got nem lehet k\u00f6z\u00e9rdek\u0171 munk\u00e1val vagy szab\u00e1lys\u00e9rt\u00e9si elz\u00e1r\u00e1ssal kiv\u00e1ltani, a befolyt \u00f6sszeget pedig gyermekv\u00e9delemre kell ford\u00edtani. Szint\u00e9n r\u00f6gz\u00edtett\u00e9k, hogy amennyiben az elk\u00f6vet\u0151 a hat\u00e1rozat joger\u0151re emelked\u00e9s\u00e9t\u0151l sz\u00e1m\u00edtott harminc napon bel\u00fcl nem fizeti meg a b\u00edrs\u00e1got, azt ad\u00f3k m\u00f3dj\u00e1ra fogj\u00e1k behajtani.<\/span><\/span><\/p>\n<p><span style=\"font-family: 'Liberation Serif', serif;color: #000000\"><span style=\"font-size: medium\">Magyarorsz\u00e1g semmilyen t\u00e9ren nem \u00e1ll egyed\u00fcl a k\u00e9rd\u00e9sben, ugyanis a vil\u00e1g t\u00f6bb orsz\u00e1g\u00e1ban tiltj\u00e1k vagy korl\u00e1tozz\u00e1k a Pride rendezv\u00e9nyeket, f\u0151k\u00e9nt a gyermekv\u00e9delemre \u00e9s a t\u00e1rsadalmi \u00e9rt\u00e9kek v\u00e9delm\u00e9re hivatkozva \u2013 mondta az Orig\u00f3nak adott interj\u00faj\u00e1ban a Pride betilt\u00e1s\u00e1t lehet\u0151v\u00e9 tev\u0151 jogszab\u00e1llyal kapcsolatban ifj. Lomnici Zolt\u00e1n alkotm\u00e1nyjog\u00e1sz.<\/span><\/span><\/p>\n<p><span style=\"font-family: 'Liberation Serif', serif;color: #000000\"><span style=\"font-size: medium\"><b>A Budapest Pride t\u00f6rt\u00e9nete<\/b><\/span><\/span><\/p>\n<p><span style=\"color: #000000\"><span style=\"font-family: Liberation Serif, serif\"><span style=\"font-size: medium\">A Budapest Pride K\u00f6z\u00f6ss\u00e9gi Fesztiv\u00e1l Budapest \u00e9s egyben Magyarorsz\u00e1g legnagyobb LMBTQ fesztiv\u00e1lja. A fesztiv\u00e1l z\u00e1r\u00f3esem\u00e9nye minden \u00e9vben a <\/span><\/span><span style=\"font-family: Liberation Serif, serif\"><span style=\"font-size: medium\"><i>Budapest Pride Felvonul\u00e1s<\/i><\/span><\/span><span style=\"font-family: Liberation Serif, serif\"><span style=\"font-size: medium\">. A fesztiv\u00e1lok sora 1993-ban kezd\u0151d\u00f6tt.<\/span><\/span><\/span><\/p>\n<p><span style=\"font-family: 'Liberation Serif', serif;color: #000000\"><span style=\"font-size: medium\"><b>Pride megnevez\u00e9s eredete<\/b><\/span><\/span><\/p>\n<p><span style=\"color: #000000\"><span style=\"font-family: Liberation Serif, serif\"><span style=\"font-size: medium\">A <\/span><\/span><span style=\"font-family: Liberation Serif, serif\"><span style=\"font-size: medium\"><i>pride<\/i><\/span><\/span><span style=\"font-family: Liberation Serif, serif\"><span style=\"font-size: medium\"> angol jelent\u00e9se b\u00fcszkes\u00e9g. Azt, hogy mi\u00e9rt kell arra b\u00fcszk\u00e9nek lenni, hogy valakinek a szexu\u00e1lis identit\u00e1sa elt\u00e9r a term\u00e9szet t\u00f6rv\u00e9nyeit\u0151l, azt nem igaz\u00e1n \u00e9rtem. Ilyen alapon b\u00e1rki, akinek van valami elt\u00e9r\u0151 tulajdons\u00e1ga a term\u00e9szetest\u0151l, az b\u00fcszke kellene legyen erre. Mi\u00e9rt? Term\u00e9szetesen<\/span><\/span><span style=\"font-family: Liberation Serif, serif\"><span style=\"font-size: medium\"> \u2013 <\/span><\/span><span style=\"font-family: Liberation Serif, serif\"><span style=\"font-size: medium\">amennyiben valaki betartja a t\u00e1rsadalmi egy\u00fctt\u00e9l\u00e9s norm\u00e1it<\/span><\/span><span style=\"font-family: Liberation Serif, serif\"><span style=\"font-size: medium\"> \u2013 <\/span><\/span><span style=\"font-family: Liberation Serif, serif\"><span style=\"font-size: medium\">akkor sz\u00e9gyenkeznie sem kell ez\u00e9rt! Az embereket a k\u00f6rnyezete, a munk\u00e1ja, viselked\u00e9se, a t\u00f6bbiekkel val\u00f3 egy\u00fcttm\u0171k\u00f6d\u00e9se alapj\u00e1n \u00edt\u00e9li meg a nagy t\u00f6bbs\u00e9g, nem az alapj\u00e1n, hogy milyen a szexu\u00e1lis identit\u00e1sa vagy hogy milyen nagyok a f\u00fclei az \u00e1tlagemberekhez viszony\u00edtva. <\/span><\/span><\/span><\/p>\n<p><span style=\"font-family: 'Liberation Serif', serif;color: #000000\"><span style=\"font-size: medium\">Ilyen alapon azt is tisztelnem kellene, aki t\u00e9len-ny\u00e1ron szand\u00e1lban j\u00e1r, vagy copfban hordja a haj\u00e1t, net\u00e1n kopaszra borotv\u00e1lja a fej\u00e9t. B\u00e1rmilyen, a term\u00e9szetest\u0151l vagy az \u00e1tlagembert\u0151l elt\u00e9r\u0151 tulajdons\u00e1got vagy viselked\u00e9st piedeszt\u00e1lra lehetne emelni, \u00e9s \u00f6nfeledten \u00fcnnepelni. De mi \u00e9rtelme van ennek? <\/span><\/span><\/p>\n<p><span style=\"color: #000000\"><span style=\"font-family: Liberation Serif, serif\"><span style=\"font-size: medium\">Voltak h\u00edres sz\u00edn\u00e9szeink, egy\u00e9b ismert emberek, akikr\u0151l tudtuk, hogy melegek, leszbikusok<\/span><\/span><span style=\"font-family: Liberation Serif, serif\"><span style=\"font-size: medium\"> \u2013<\/span><\/span><span style=\"font-family: Liberation Serif, serif\"><span style=\"font-size: medium\"> de nem ez\u00e9rt szerett\u00fck \u0151ket, hanem az\u00e9rt, mert a munk\u00e1jukban kiemelked\u0151t alkottak, tiszteletrem\u00e9lt\u00f3 emberek voltak.<\/span><\/span><\/span><\/p>\n<p><span style=\"font-family: 'Liberation Serif', serif;color: #000000\"><span style=\"font-size: medium\"><b>\u00c9rt\u00e9krend<\/b><\/span><\/span><\/p>\n<p><span style=\"font-family: 'Liberation Serif', serif;color: #000000\"><span style=\"font-size: medium\">A legt\u00f6bb ember a b\u00e9k\u00e9s h\u00e9tk\u00f6znapok meg\u00e9l\u00e9s\u00e9t tartja norm\u00e1lisnak. Nem akarnak felesleges konfliktusokat. Nem akarnak elt\u00e9rni a hagyom\u00e1nyaikt\u00f3l, t\u00f6rt\u00e9nelm\u00fckt\u0151l, a vall\u00e1sukt\u00f3l. <\/span><\/span><\/p>\n<p><span style=\"font-family: 'Liberation Serif', serif;color: #000000\"><span style=\"font-size: medium\">\u00c9letemben egyszer tal\u00e1lkoztam ilyen felvonul\u00e1ssal, a 90-es \u00e9vek k\u00f6zep\u00e9n Londonban. V\u00e9letlen\u00fcl cs\u00f6ppent\u00fck bele, el\u0151sz\u00f6r nem is \u00e9rtett\u00fck mi ez. Hirtelen nem tudtuk, s\u00edrjunk vagy nevess\u00fcnk. Egyszerre t\u0171nt groteszknek \u00e9s szomor\u00fanak az eg\u00e9sz. Kir\u00fazsozott szak\u00e1llas f\u00e9rfiak t\u00fcll szokny\u00e1ban, \u00e9s egy\u00e9b furcsa \u00f6lt\u00f6zet\u0171 f\u00e9rfiak \u00e9s n\u0151k t\u00f6mege vonult zajosan. <\/span><\/span><\/p>\n<p><span style=\"font-family: 'Liberation Serif', serif;color: #000000\"><span style=\"font-size: medium\">A Downing Street utca 10. h\u00e1z\u00e1hoz \u00e9rve \u2013 itt tal\u00e1lhat\u00f3 a minisztereln\u00f6k lak\u00e1sa \u2013 el\u0151vett\u00e9k s\u00edpjaikat \u00e9s f\u00fcls\u00fcket\u00edt\u0151 s\u00edpol\u00e1sba kezdtek. Azt mondt\u00e1k, hogy szeretn\u00e9k el\u00e9rni, hogy azonos nem\u0171ek is h\u00e1zasodjanak. <\/span><\/span><\/p>\n<p><span style=\"font-family: 'Liberation Serif', serif;color: #000000\"><span style=\"font-size: medium\">T\u00f6bb ezer \u00e9ves \u00e9rt\u00e9krendeket akarnak megv\u00e1ltoztatni. Ha ezt elfogadjuk, akkor elvesztik az \u00e9rt\u00e9k\u00fcket ezek a hagyom\u00e1nyok, legk\u00f6zelebb valaki a kuty\u00e1j\u00e1val vagy a lov\u00e1val akar h\u00e1zass\u00e1got k\u00f6tni. Ez\u00e1ltal elindul egy folyamatos devalv\u00e1l\u00f3d\u00e1si spir\u00e1lja az \u00e9rt\u00e9keknek, amelynek nem l\u00e1thatjuk a v\u00e9g\u00e9t. <\/span><\/span><\/p>\n<p><span style=\"font-family: 'Liberation Serif', serif;color: #000000\"><span style=\"font-size: medium\">Mi\u00e9rt nem el\u00e9gednek meg azzal, hogy a saj\u00e1t lak\u00e1sukban \u00fagy \u00e9lik a szexu\u00e1lis \u00e9let\u00fcket ahogy akarj\u00e1k, ahogy ezt teszi a heteroszexu\u00e1lisok t\u00f6bbs\u00e9ge is? A h\u00e9tk\u00f6znapokban pedig betartj\u00e1k az egy\u00fctt\u00e9l\u00e9s norm\u00e1it \u00e9s nem hergelik a t\u00e1rsadalom t\u00f6bbs\u00e9g\u00e9t. <\/span><\/span><\/p>\n<p><span style=\"font-family: 'Liberation Serif', serif;color: #000000\"><span style=\"font-size: medium\">V\u00e9lelmezem, hogy a melegek t\u00f6bbs\u00e9ge \u00edgy \u00e9l, hasonl\u00f3an mint a heteroszexu\u00e1lisok t\u00f6bbs\u00e9ge. Nem j\u00e1r a pride-ra, mert nem akar felesleges balh\u00e9kat, \u0151 is csak nyugodtan akar \u00e9lni, mint b\u00e1rmely m\u00e1s ember, szexu\u00e1lis ir\u00e1nyults\u00e1g\u00e1t\u00f3l f\u00fcggetlen\u00fcl. <\/span><\/span><\/p>\n<p><span style=\"font-family: 'Liberation Serif', serif;color: #000000\"><span style=\"font-size: medium\">De ha m\u00e1r minden\u00e1ron tiltakozni akarnak valami ellen, vagy ki\u00e1llni valami mellett, \u00e9s kimennek az utc\u00e1ra, akkor azt mi\u00e9rt nem teszik m\u00e9lt\u00f3s\u00e1ggal? Ha el akarj\u00e1k fogadtatni magukat, akkor \u0151k is tarts\u00e1k tiszteletben a t\u00f6bbs\u00e9g \u00e9rt\u00e9krendj\u00e9t, \u00e9s ne provok\u00e1lj\u00e1k a t\u00e1rsadalom t\u00f6bbs\u00e9g\u00e9t! Ne gyal\u00e1zz\u00e1k a kereszt\u00e9nys\u00e9get \u00e9s a t\u00f6bbs\u00e9g hagyom\u00e1nyait! Ne vonuljanak pl. olyan sziv\u00e1rv\u00e1nyos z\u00e1szl\u00f3val, amire az van \u00edrva, hogy \u201eA SZERELEM VAL\u00d3S\u00c1G, ISTEN CSAK MESE!\u201d. Ne gyal\u00e1zz\u00e1k meg a Bibli\u00e1t! <\/span><\/span><\/p>\n<p><span style=\"font-family: 'Liberation Serif', serif;color: #000000\"><span style=\"font-size: medium\">L\u00e1ttam olyan k\u00e9pet, amikor egy vonul\u00f3 egy kocsin \u00fclve a Bibli\u00e1t a l\u00e1ba k\u00f6z\u00e9 rakta. Ha ezeket a viselked\u00e9seket a gyerekek el\u0151tt k\u00f6vetik el, akkor \u00f6sszezavarj\u00e1k benn\u00fck a csal\u00e1dban tapasztalt \u00e1ltal\u00e1ban term\u00e9szetes \u00e9rt\u00e9krendet. Az \u00f6sszezavart gyerekek nem tal\u00e1lj\u00e1k a hely\u00fcket a vil\u00e1gban, nem \u00e9rtik a rendszert. Ezeknek lehet sz\u00e9ls\u0151s\u00e9ges esetben az a k\u00f6vetkezm\u00e9nye, hogy \u0151 azt gondolja a m\u00e1sik nemhez tartozik, mint ami sz\u00fclet\u00e9se alapj\u00e1n meghat\u00e1rozza hovatartoz\u00e1s\u00e1t. Gondol egyet, \u00e9s \u00e1t akarja oper\u00e1ltatni mag\u00e1t a m\u00e1sik nemre. Sajnos erre m\u00e1r vannak p\u00e9ld\u00e1k. <\/span><\/span><\/p>\n<p><span style=\"color: #000000\"><span style=\"font-family: Liberation Serif, serif\"><span style=\"font-size: medium\">Ennek a term\u00e9szett\u0151l elrugaszkodott t\u00e1rsadalmat bomlaszt\u00f3 virtu\u00e1lis gondolkod\u00e1snak a k\u00f6vetkezm\u00e9nye, hogy a genderelm\u00e9let az elm\u00falt \u00e9vekben sz\u00e1mos \u00faj kateg\u00f3ri\u00e1t alkotott a t\u00e1rsadalmilag elismert f\u00e9rfi, illetve n\u0151i (bin\u00e1ris) nemek mell\u00e9. A Facebook m\u00e1r 58 lehet\u0151s\u00e9get k\u00edn\u00e1l felhaszn\u00e1l\u00f3i sz\u00e1m\u00e1ra nem\u00fck megv\u00e1laszt\u00e1s\u00e1ra.<\/span><\/span><\/span><\/p>\n<p><span style=\"font-family: 'Liberation Serif', serif;color: #000000\"><span style=\"font-size: medium\"><b>Z\u00e1r\u00f3 v\u00e9lem\u00e9ny<\/b><\/span><\/span><\/p>\n<p><span style=\"font-family: 'Liberation Serif', serif;color: #000000\"><span style=\"font-size: medium\">Tiszteletet csak az v\u00e1rhat, aki megadja ezt a tiszteletet m\u00e1soknak is. Tisztelet pedig csak m\u00e9lt\u00f3s\u00e1ggal viselked\u0151 embereknek j\u00e1r. Aki felh\u00e1bor\u00edt\u00f3 m\u00f3don viselkedik, az ne v\u00e1rjon tiszteletet! A v\u00e9lem\u00e9nynyilv\u00e1n\u00edt\u00e1s szabads\u00e1ga addig j\u00e1r b\u00e1rkinek, ameddig az nem akad\u00e1lyozza m\u00e1sok szabads\u00e1g\u00e1t, nem s\u00e9rt m\u00e1st emberi mivolt\u00e1ban. A tiszteletet a nagy t\u00f6bbs\u00e9gt\u0151l mindenki megkapja, aki betartja az egy\u00fctt\u00e9l\u00e9s \u00edrott \u00e9s \u00edratlan norm\u00e1it. A melegeket nem az\u00e9rt b\u00e1ntj\u00e1k \u00e1ltal\u00e1ban, mert melegek, hanem mert megszegik az egy\u00fctt\u00e9l\u00e9s norm\u00e1it. Ugyan\u00edgy a heteroszexu\u00e1lisokat is b\u00e1ntani fogj\u00e1k, ha ezeket az elv\u00e1rt norm\u00e1kat megszegik. <\/span><\/span><\/p>\n<p><span style=\"font-family: 'Liberation Serif', serif;color: #000000\"><span style=\"font-size: medium\">Ha folyamatosan feladunk a term\u00e9szettel szinkronban l\u00e9v\u0151 t\u00f6rv\u00e9nyeinkb\u0151l, szok\u00e1sainkb\u00f3l egy-egy darabot, akkor az \u00faj megcsonk\u00edtott szok\u00e1srendszer lesz az \u00faj alap, \u00e9s ha az ut\u00e1nunk sz\u00fcletetteket is belek\u00e9nyszer\u00edtik tov\u00e1bbi v\u00e1ltoztat\u00e1sokba, akkor mi marad a term\u00e9szetes vil\u00e1gb\u00f3l? <\/span><\/span><\/p>\n<p><span style=\"font-family: 'Liberation Serif', serif;color: #000000\"><span style=\"font-size: medium\">A term\u00e9szet t\u00f6rv\u00e9nyei adottak, azokat szerencs\u00e9re nem tudjuk megv\u00e1ltoztatni, viszont ezek egy biztons\u00e1gos keretet adnak a l\u00e9t\u00fcnknek. Ha valaki \u00fagy \u00e9rzi \u0151 nincs ezekkel a t\u00f6rv\u00e9nyekkel szinkronban, \u0151 m\u00e1snak \u00e9rzi mag\u00e1t mint a t\u00f6bbs\u00e9g, az vagy k\u00e9rjen seg\u00edts\u00e9get hozz\u00e1\u00e9rt\u0151 emberekt\u0151l, vagy fogadja el mag\u00e1t \u00e9s \u00e9lje az \u00e9let\u00e9t \u00fagy, hogy az egy\u00fctt\u00e9l\u00e9si norm\u00e1kat tartsa be! Illeszkedjen be a t\u00e1rsadalomba! Munk\u00e1j\u00e1val, egy\u00e9nis\u00e9g\u00e9vel v\u00edvja ki a t\u00f6bbs\u00e9g elismer\u00e9s\u00e9t! Ne akarja a t\u00f6bbs\u00e9get r\u00e1k\u00e9nyszer\u00edteni arra zajos \u00e9s felh\u00e1bor\u00edt\u00f3 rendezv\u00e9nyekkel, hogy az \u0151 kisebbs\u00e9gi n\u00e9zetei legyenek az alapjai a t\u00e1rsadalmi egy\u00fctt\u00e9l\u00e9snek!<\/span><\/span><\/p>\n<p><span style=\"font-family: 'Liberation Serif', serif;color: #000000\"><span style=\"font-size: medium\">A szexu\u00e1lis be\u00e1ll\u00edtotts\u00e1g pedig nem a b\u00fcszkes\u00e9ghez kapcsol\u00f3d\u00f3 kateg\u00f3ria. Ez mindenkinek a mag\u00e1n\u00fcgye, a h\u00e1l\u00f3szob\u00e1ba tartozik. A b\u00fcszkes\u00e9g ebben a t\u00e9m\u00e1ban a term\u00e9szettel szinkronban \u00e9l\u0151 heteroszexu\u00e1lisok r\u00e9sz\u00e9r\u0151l megfogalmazva is \u00e9rtelmetlen. A term\u00e9szet t\u00f6rv\u00e9nyei adottak, pr\u00f3b\u00e1lja meg mindenki ezt tudom\u00e1sul venni!<\/span><\/span><\/p>\n<p>&nbsp;<\/p>\n<p>&nbsp;<\/p>\n<p>&nbsp;<\/p>\n<p>&nbsp;<\/p>\n<p>&nbsp;<\/p>\n","protected":false},"excerpt":{"rendered":"<p>A magyar orsz\u00e1ggy\u0171l\u00e9s megszavazta a Pride felvonul\u00e1s betilt\u00e1s\u00e1t. 136 igen \u00e9s 27 nem mellett megszavazta a magyar orsz\u00e1ggy\u0171l\u00e9s (2025. m\u00e1rcius 18-i \u00fcl\u00e9s\u00e9n) a Pride felvonul\u00e1s betilt\u00e1s\u00e1t. A t\u00f6rv\u00e9nym\u00f3dos\u00edt\u00e1s szerint \u201etilos&hellip;<\/p>\n","protected":false},"author":16,"featured_media":2459,"comment_status":"open","ping_status":"open","sticky":false,"template":"","format":"standard","meta":{"_eb_attr":"","footnotes":""},"categories":[114],"tags":[],"class_list":["post-2458","post","type-post","status-publish","format-standard","has-post-thumbnail","hentry","category-magyar"],"_links":{"self":[{"href":"https:\/\/www.uudistekeskus.eu\/index.php?rest_route=\/wp\/v2\/posts\/2458","targetHints":{"allow":["GET"]}}],"collection":[{"href":"https:\/\/www.uudistekeskus.eu\/index.php?rest_route=\/wp\/v2\/posts"}],"about":[{"href":"https:\/\/www.uudistekeskus.eu\/index.php?rest_route=\/wp\/v2\/types\/post"}],"author":[{"embeddable":true,"href":"https:\/\/www.uudistekeskus.eu\/index.php?rest_route=\/wp\/v2\/users\/16"}],"replies":[{"embeddable":true,"href":"https:\/\/www.uudistekeskus.eu\/index.php?rest_route=%2Fwp%2Fv2%2Fcomments&post=2458"}],"version-history":[{"count":1,"href":"https:\/\/www.uudistekeskus.eu\/index.php?rest_route=\/wp\/v2\/posts\/2458\/revisions"}],"predecessor-version":[{"id":2460,"href":"https:\/\/www.uudistekeskus.eu\/index.php?rest_route=\/wp\/v2\/posts\/2458\/revisions\/2460"}],"wp:featuredmedia":[{"embeddable":true,"href":"https:\/\/www.uudistekeskus.eu\/index.php?rest_route=\/wp\/v2\/media\/2459"}],"wp:attachment":[{"href":"https:\/\/www.uudistekeskus.eu\/index.php?rest_route=%2Fwp%2Fv2%2Fmedia&parent=2458"}],"wp:term":[{"taxonomy":"category","embeddable":true,"href":"https:\/\/www.uudistekeskus.eu\/index.php?rest_route=%2Fwp%2Fv2%2Fcategories&post=2458"},{"taxonomy":"post_tag","embeddable":true,"href":"https:\/\/www.uudistekeskus.eu\/index.php?rest_route=%2Fwp%2Fv2%2Ftags&post=2458"}],"curies":[{"name":"wp","href":"https:\/\/api.w.org\/{rel}","templated":true}]}}