{"id":2394,"date":"2025-04-22T10:21:47","date_gmt":"2025-04-22T07:21:47","guid":{"rendered":"https:\/\/www.uudistekeskus.ee\/?p=2394"},"modified":"2025-04-22T10:23:20","modified_gmt":"2025-04-22T07:23:20","slug":"fegyverkezes-magyarorszagon-es-az-eu-ban","status":"publish","type":"post","link":"https:\/\/www.uudistekeskus.eu\/?p=2394","title":{"rendered":"Fegyverkez\u00e9s Magyarorsz\u00e1gon \u00e9s az EU-ban"},"content":{"rendered":"<p align=\"left\"><span style=\"font-family: 'Liberation Serif', serif;color: #000000\"><span style=\"font-size: medium\">A fegyverkez\u00e9s \u00e9s a p\u00e9nz, szoros kapcsolatban \u00e1llnak egym\u00e1ssal. Minden fegyverkez\u00e9si hajsz\u00e1nak is, minden h\u00e1bor\u00fanak is legt\u00f6bbsz\u00f6r gazdas\u00e1gi mozgat\u00f3rug\u00f3ja van. \u00c9rdemes h\u00e1t k\u00f6zelebbr\u0151l megn\u00e9zn\u00fcnk ezen \u00f6sszef\u00fcgg\u00e9seket \u00e9s p\u00e1rhuzamokat, valamint holl\u00e9teiket.<\/span><\/span><\/p>\n<p align=\"left\"><span style=\"font-family: 'Liberation Serif', serif;color: #000000\"><span style=\"font-size: medium\"><b>Konfliktusok az \u00e9l\u0151vil\u00e1gban \u00e9s az emberek k\u00f6z\u00f6tt<\/b><\/span><\/span><\/p>\n<p align=\"left\"><span style=\"font-family: 'Liberation Serif', serif;color: #000000\"><span style=\"font-size: medium\">A konfliktusok az \u00e9l\u0151l\u00e9nyek k\u00f6z\u00f6tt mindig jelen voltak \u00e9s jelen lesznek, \u00edgy van ez az emberek eset\u00e9ben is. Kezdetben nyilv\u00e1n a zs\u00e1km\u00e1nyon vit\u00e1ztak \u00f6ssze, \u00e9s k\u00fczd\u00f6ttek meg a birtokl\u00e1s\u00e1\u00e9rt. K\u00e9s\u0151bb a vad\u00e1szter\u00fcletek\u00e9rt, lak\u00f3ter\u00fcletek\u00e9rt folytak k\u00fczdelmek. Eleinte ezek a k\u00fczdelmek a mindennapi t\u00fal\u00e9l\u00e9st szolg\u00e1lt\u00e1k. Ahogy a mez\u0151gazdas\u00e1g fejl\u0151d\u00e9s\u00e9vel a napi meg\u00e9lhet\u00e9s m\u00e1r az emberek t\u00f6bbs\u00e9g\u00e9nek biztos\u00edtva volt, onnant\u00f3l kezdve megjelentek a kisebb k\u00f6z\u00f6ss\u00e9gek, amely k\u00f6z\u00f6ss\u00e9gek k\u00f6z\u00f6tt szint\u00e9n kialakultak k\u00fczdelmek. <\/span><\/span><\/p>\n<p align=\"left\"><span style=\"font-family: 'Liberation Serif', serif;color: #000000\"><span style=\"font-size: medium\">Az id\u0151 el\u0151rehaladt\u00e1val kialakultak a nagyobb l\u00e9tsz\u00e1m\u00fa t\u00e1rsadalmak, orsz\u00e1gok, \u00e9s a technika fejl\u0151d\u00e9s\u00e9vel a konfliktusok egyre ink\u00e1bb eltol\u00f3dtak az intenzivebb h\u00e1bor\u00fak fel\u00e9. A h\u00e1bor\u00fak innent\u0151l nagyr\u00e9szt orsz\u00e1gok\/nemzetek \u00e9rdekeinek \u00fctk\u00f6z\u00e9se ment\u00e9n t\u00f6rtek ki. K\u00e9s\u0151bb kialakultak a nemzeteken bel\u00fcl gazdag befoly\u00e1sos szem\u00e9lyek, illetve \u00e9rdekcsoportok, amelyek hatalmi t\u00f6rekv\u00e9seik meger\u0151s\u00edt\u00e9s\u00e9re, befoly\u00e1sszerz\u00e9s c\u00e9lj\u00e1b\u00f3l kezdem\u00e9nyeztek orsz\u00e1gon bel\u00fcli, illetve nemzetk\u00f6zi konfliktusokat. De ezek a nemzetk\u00f6zi \u00f6szet\u0171z\u00e9sek m\u00e9g nagyr\u00e9szt nemzeti \u00e9rdekek m\u00f6g\u00e9 szervez\u0151dtek <\/span><\/span><\/p>\n<p align=\"left\"><span style=\"font-family: 'Liberation Serif', serif;color: #000000\"><span style=\"font-size: medium\">Az elm\u00falt k\u00e9t \u00e9vsz\u00e1zadban viszont ezeknek a gazdag befoly\u00e1sos embereknek \u00e9s csoportoknak egy r\u00e9sze elvesztette nemzeti k\u00f6t\u0151d\u00e9s\u00e9t \u00e9s egyfajta nemzetek feletti gazdag<b> <\/b><span lang=\"et-EE\">\u2013<\/span><b> <\/b>a vil\u00e1gra komoly befoly\u00e1st gyakorolni k\u00e9pes<b> <\/b><span lang=\"et-EE\">\u2013<\/span><b> <\/b>csoportt\u00e1 alakult. \u0150ket nevezik H\u00e1tt\u00e9rhatalomnak vagy M\u00e9ly \u00c1llamnak (DS).<\/span><\/span><\/p>\n<p align=\"left\"><span style=\"font-family: 'Liberation Serif', serif;color: #000000\"><span style=\"font-size: medium\"><b>A p\u00e9nz szerepe a konfliktusok kezel\u00e9s\u00e9ben<\/b><\/span><\/span><\/p>\n<p align=\"left\"><span style=\"font-family: 'Liberation Serif', serif;color: #000000\"><span style=\"font-size: medium\">A p\u00e9nz el\u0151tti id\u0151kben az \u00e1rucsere sz\u00f3 szerint az \u00e1ruk egym\u00e1st k\u00f6zti cser\u00e9j\u00e9vel folyt. Mindenki vitte a saj\u00e1t felesleg\u00e9t, \u00e9s pr\u00f3b\u00e1lta elcser\u00e9lni olyan dolgokra, amelyre neki volt sz\u00fcks\u00e9ge. Ebben az id\u0151szakban a konfliktusok, harcok nyilv\u00e1n alapszinten zajlottak, meghat\u00e1roz\u00f3 volt a fizikai er\u0151 \u00e9s a szervezetts\u00e9g. A p\u00e9nz szerepe kezdetben kiz\u00e1r\u00f3lag az \u00e1rucser\u00e9k egyszer\u0171s\u00edt\u00e9s\u00e9t szolg\u00e1lta, \u00edgy a konfliktusokban sem j\u00e1tszott kiemelt szerepet. <\/span><\/span><\/p>\n<p align=\"left\"><span style=\"font-family: 'Liberation Serif', serif;color: #000000\"><span style=\"font-size: medium\">K\u00e9s\u0151bb a p\u00e9nzforgalomban m\u00e1r az \u00e1ruk mennyis\u00e9g\u00e9n\u00e9l j\u00f3val nagyobb mennyis\u00e9g\u0171 p\u00e9nz vett r\u00e9szt. Voltak megtakar\u00edt\u00e1sok, \u00e9s bevezett\u00e9k a k\u00f6lcs\u00f6nt is. Innent\u0151l kezdve a p\u00e9nz fontos szerepet j\u00e1tszhatott a konfliktusokban, h\u00e1bor\u00fakban. Akinek t\u00f6bb p\u00e9nze volt, az jobb min\u0151s\u00e9g\u0171 fegyverekhez juthatott, k\u00e9s\u0151bb ak\u00e1r zsoldoskaton\u00e1kat is szerz\u0151dtethetett \u2013 p\u00e9nz\u00e9rt. A hitel megjelen\u00e9se ut\u00e1n aki kapott k\u00f6lcs\u00f6nt, az hitelb\u0151l is finansz\u00edrozhatta a harcait.<\/span><\/span><\/p>\n<p align=\"left\"><span style=\"font-family: 'Liberation Serif', serif;color: #000000\"><span style=\"font-size: medium\"><b>A mag\u00e1np\u00e9nz megjelen\u00e9se<\/b><\/span><\/span><\/p>\n<p align=\"left\"><span style=\"font-family: 'Liberation Serif', serif;color: #000000\"><span style=\"font-size: medium\">Kezdetben teh\u00e1t a p\u00e9nz szerepe kiz\u00e1r\u00f3lag a k\u00f6zvetlen \u00e1rucser\u00e9re korl\u00e1toz\u00f3dott. K\u00e9s\u0151bb a p\u00e9nz m\u00e1r egyre ink\u00e1bb vagyon k\u00e9pz\u00e9s\u00e9t is szolg\u00e1lta, lettek emberek akiknek a kez\u00e9ben egyre nagyobb vagyonok halmoz\u00f3dtak fel. A p\u00e9nz kibocs\u00e1t\u00e1sa feletti uralmat a mindenkori uralkod\u00f3k \u00e9s \u00e1llamok gyakorolt\u00e1k a t\u00f6rt\u00e9nelem folyam\u00e1n, legal\u00e1bbis n\u00e9vlegesen. Az uralkod\u00f3kat viszont befoly\u00e1solni lehetett azzal, hogy elad\u00f3s\u00edtott\u00e1k \u0151ket. Aki vagy akik a p\u00e9nzt k\u00f6lcs\u00f6n\u00f6zt\u00e9k sz uralkod\u00f3knak, azok gyakorolhatt\u00e1k befoly\u00e1sukkal a t\u00e9nyleges hatalmat. <\/span><\/span><\/p>\n<p align=\"left\"><span style=\"font-family: 'Liberation Serif', serif;color: #000000\"><span style=\"font-size: medium\">Ezek az uralkod\u00f3kat elad\u00f3s\u00edt\u00f3 emberek k\u00e9s\u0151bb \u00e1lc\u00e1zott mag\u00e1nbankok bevon\u00e1s\u00e1val megszerezt\u00e9k a p\u00e9nz kibocs\u00e1t\u00e1sa feletti uralmat is. Ilyen els\u0151 igazi mag\u00e1n bank volt a Bank of England, \u00e9s az els\u0151 igazi mag\u00e1np\u00e9nz az angol font lett. 1913-ban ezt v\u00e1ltotta az amerikai Federal Reserve System k\u00f6zponti bankrendszer, melynek a tulajdonosi szerkezete m\u00e1ig \u00e1ttekinthetetlen. <\/span><\/span><\/p>\n<p align=\"left\"><span style=\"font-family: 'Liberation Serif', serif;color: #000000\"><span style=\"font-size: medium\">A Federal Reserve bocs\u00e1tja ki az amerikai doll\u00e1rt mint mag\u00e1np\u00e9nzt. A m\u00e1sodik vil\u00e1gh\u00e1bor\u00fat k\u00f6vet\u0151en lett a doll\u00e1r mint mag\u00e1np\u00e9nz, egyben vil\u00e1gp\u00e9nz is. Ekkor m\u00e9g garant\u00e1lt\u00e1k, hogy a doll\u00e1rt \u00e1tv\u00e1ltj\u00e1k fix \u00e1ron b\u00e1rmikor aranyra, ez biztos\u00edtotta a bizalmat ir\u00e1nta. <\/span><\/span><\/p>\n<p align=\"left\"><span style=\"font-family: 'Liberation Serif', serif;color: #000000\"><span style=\"font-size: medium\">Ez a szerepe er\u0151s\u00f6d\u00f6tt meg, amikor a 70-es \u00e9vek elej\u00e9n Kissinger el\u00e9rte, hogy olajat csak doll\u00e1r\u00e9rt lehessen a vil\u00e1gpiacon v\u00e1s\u00e1rolni. Ez garant\u00e1lta a doll\u00e1r vil\u00e1gp\u00e9nz funkci\u00f3j\u00e1t eg\u00e9szen a napjainkig. <\/span><\/span><\/p>\n<p align=\"left\"><span style=\"font-family: 'Liberation Serif', serif;color: #000000\"><span style=\"font-size: medium\">Innent\u0151l az aranyra val\u00f3 \u00e1tv\u00e1lthat\u00f3s\u00e1g\u00e1t is megsz\u00fcntett\u00e9k a doll\u00e1rnak, az olaj \u00e1r\u00e1nak a doll\u00e1rhoz kapcsol\u00e1sa biztos\u00edtotta a p\u00e9nz stabilit\u00e1s\u00e1t. Ez\u00e9rt is h\u00edvj\u00e1k sokszor olajdoll\u00e1rnak a doll\u00e1rt, mert tulajdonk\u00e9ppen olaj-alap\u00fa. Ameddig az olajkereskedelem nagy r\u00e9sze doll\u00e1rban folyik, az biztos\u00edtja a doll\u00e1r stabilit\u00e1s\u00e1t.<\/span><\/span><\/p>\n<p align=\"left\"><span style=\"font-family: 'Liberation Serif', serif;color: #000000\"><span style=\"font-size: medium\"><b>Az infl\u00e1ci\u00f3 \u00e9s a h\u00e1bor\u00fak<\/b><\/span><\/span><\/p>\n<p align=\"left\"><span style=\"font-family: 'Liberation Serif', serif;color: #000000\"><span style=\"font-size: medium\">Miut\u00e1n a p\u00e9nzforgalomban megn\u0151tt a k\u00f6lcs\u00f6nz\u00e9s mennyis\u00e9ge, megn\u0151tt a fedezetlen p\u00e9nzek mennyis\u00e9ge is. Ezt seg\u00edtette el\u0151 az is, hogy a h\u00e9tk\u00f6znapi emberek szintj\u00e9n is megjelent a pap\u00edrp\u00e9nz, ami \u00f6nmag\u00e1ban nem k\u00e9pvisel \u00e9rt\u00e9ket, csak a r\u00e1ruh\u00e1zott bizalom r\u00e9v\u00e9n van \u00e9rt\u00e9ke. Ellent\u00e9tben a pap\u00edrp\u00e9nzzel az ez\u00fcst \u00e9s az aranyp\u00e9nz \u00f6nmag\u00e1ban is \u00e9rt\u00e9ket k\u00e9pvisel. <\/span><\/span><\/p>\n<p align=\"left\"><span style=\"font-family: 'Liberation Serif', serif;color: #000000\"><span style=\"font-size: medium\">A k\u00f6lcs\u00f6nz\u00e9sek r\u00e9v\u00e9n a p\u00e9nzforgalomban megjelentek a fizet\u00e9sk\u00e9ptelen ad\u00f3sok is. Megjelent az infl\u00e1ci\u00f3 a rendszerben. Id\u0151nk\u00e9nt teh\u00e1t annyira bizonytalann\u00e1 v\u00e1lt a p\u00e9nzrendszer, hogy \u00fajra kellett ind\u00edtani. Ezt volt amikor b\u00e9k\u00e9sen 60-70 \u00e9venk\u00e9nt megtett\u00e9k. Lenull\u00e1zt\u00e1k a tartoz\u00e1sokat \u00e9s \u00faj p\u00e9nzt vezettek be, \u00fajraindult a rendszer. De a k\u00e9s\u0151bbiekben legink\u00e1bb mesters\u00e9gesen ind\u00edtott h\u00e1bor\u00fakkal \u00faj\u00edtott\u00e1k meg a p\u00e9nzrendszert. <\/span><\/span><\/p>\n<p align=\"left\"><span style=\"font-family: 'Liberation Serif', serif;color: #000000\"><span style=\"font-size: medium\">Ez az\u00e9rt is hat\u00e9konyabb a p\u00e9nz\u00fcgyi H\u00e1tt\u00e9rhatalom (DS) sz\u00e1m\u00e1ra, mert a mesters\u00e9gesen, az \u0151 k\u00f6zrem\u0171k\u00f6d\u00e9s\u00fckkel kirobbantott h\u00e1bor\u00fakban mindk\u00e9t f\u00e9lnek sz\u00e1ll\u00edtanak fegyvereket, term\u00e9szetesen bus\u00e1s haszonnal. A h\u00e1bor\u00fa ut\u00e1n pedig az \u00fajj\u00e1\u00e9p\u00edt\u00e9st is nyilv\u00e1n \u0151k fogj\u00e1k nagy haszonnal elv\u00e9gezni. Az eg\u00e9sz id\u0151szak alatt a p\u00e9nz el\u00e9rt\u00e9ktelenedik \u00e9s a h\u00e1bor\u00fa ut\u00e1n egy tiszta lappal indul\u00f3 p\u00e9nzrendszert kell elind\u00edtani. <\/span><\/span><\/p>\n<p align=\"left\"><span style=\"font-family: 'Liberation Serif', serif;color: #000000\"><span style=\"font-size: medium\">Ek\u00f6zben a H\u00e1tt\u00e9rhatalom az \u00e1ltala kiprovok\u00e1lt konfliktusb\u00f3l t\u00f6bbsz\u00f6r\u00f6s hasznot h\u00faz az egym\u00e1s ellen harcol\u00f3 felek k\u00e1r\u00e1ra. Ez egy nagyon r\u00e9gi j\u00f3l bev\u00e1lt recept. A mag\u00e1np\u00e9nz sz\u00ednrel\u00e9p\u00e9s\u00e9vel ez egy m\u00e9g egyszer\u0171bb teljesen t\u00f6k\u00e9letes recept m\u00e1sok kizsigerel\u00e9s\u00e9re. <\/span><\/span><\/p>\n<p align=\"left\"><span style=\"font-family: 'Liberation Serif', serif;color: #000000\"><span style=\"font-size: medium\">A probl\u00e9ma mostanra abban van a H\u00e1tt\u00e9rhatalom r\u00e9sz\u00e9r\u0151l, hogy nagy m\u00e9ret\u0171, nagy ter\u00fcletre kiterjed\u0151 h\u00e1bor\u00fakat kiprovok\u00e1lni vesz\u00e9lyes, mert az atomfegyverek miatt k\u00f6nnyen a vil\u00e1g pusztul\u00e1s\u00e1t okozhatja egy vil\u00e1gm\u00e9ret\u0171 konfliktus. \u00cdgy marad sz\u00e1mukra<b> <\/b><span lang=\"et-EE\">\u2013<\/span><b> <\/b>mint aljas lehet\u0151s\u00e9g<b> <\/b><span lang=\"et-EE\">\u2013<\/span> a kisebb ter\u00fcletekre kiterjed\u0151 \u00f6sszet\u0171z\u00e9sek kiprovok\u00e1l\u00e1sa. Erre t\u00f6k\u00e9letes p\u00e9lda a jelenlegi ukr\u00e1n-orosz h\u00e1bor\u00fa.<\/span><\/span><\/p>\n<p align=\"left\"><span style=\"font-family: 'Liberation Serif', serif;color: #000000\"><span style=\"font-size: medium\"><b>Fegyverkez\u00e9s<\/b><\/span><\/span><\/p>\n<p align=\"left\"><span style=\"font-family: 'Liberation Serif', serif;color: #000000\"><span style=\"font-size: medium\">Az orsz\u00e1gok ha k\u00e9sz\u00fclnek a h\u00e1bor\u00fara- harcra k\u00e9sz \u00e1llapotban tartj\u00e1k a megfelel\u0151 m\u00e9ret\u0171 hadsereg\u00fcket- akkor elrettenthetik a m\u00e1sikat att\u00f3l, hogy t\u00e1mad\u00e1st ind\u00edtson. Teh\u00e1t \u00e9sszer\u0171 m\u00e9rt\u00e9kben \u00e9rdemes fegyverkezni, hadrak\u00e9sz \u00e1llapotban tartani minden orsz\u00e1gnak a hadsereg\u00e9t. De ha valaki felt\u0171n\u0151 m\u00e9rt\u00e9kben kezd el fegyverkezni, akkor az a m\u00e1sikban hasonl\u00f3 reakci\u00f3t v\u00e1lthat ki. Teh\u00e1t nem szabad meggondolatlanul ellens\u00e9gesnek t\u0171nni. <\/span><\/span><\/p>\n<p align=\"left\"><span style=\"font-family: 'Liberation Serif', serif;color: #000000\"><span style=\"font-size: medium\">Most az EU ezt teszi. Igaz, egyel\u0151re csak sz\u00e1jkarat\u00e9zik, de a retorik\u00e1j\u00e1ban folyamatosan ellens\u00e9gk\u00e9nt defini\u00e1lja Oroszorsz\u00e1got, \u00e9s fegyverkez\u00e9sre buzd\u00edt. A magyar korm\u00e1ny 2016 v\u00e9g\u00e9n meghirdette a hader\u0151 reformj\u00e1t, megindult a hadsereg moderniz\u00e1l\u00e1sa, fejleszt\u00e9se. Akkor az EU ezt kritik\u00e1val fogadta, sokan feleslegesnek tartott\u00e1k orsz\u00e1gon bel\u00fcl is. Most pedig m\u00e1r k\u00f6lcs\u00f6nt akarnak k\u00f6z\u00f6sen felvenni az er\u0151ltetett fegyverkez\u00e9sre az EU vezet\u0151i. Nem tudnak a lovon \u00fclni, vagy az egyik oldal\u00e1n esnek le, vagy a m\u00e1sik oldal\u00e1n. Egyszer nem akarnak k\u00f6lteni fegyverekre, m\u00e1skor pedig b\u00e1rmilyen nagy k\u00f6lcs\u00f6nt hajland\u00f3ak lenn\u00e9nek felvenni fegyverkez\u00e9sre. Ez \u00edgy nem norm\u00e1lis dolog. <\/span><\/span><\/p>\n<p align=\"left\"><span style=\"font-family: 'Liberation Serif', serif;color: #000000\"><span style=\"font-size: medium\">K\u00f6lcs\u00f6nb\u0151l fegyverkezni \u00fagy, hogy igaz\u00e1n nincs is aki fenyegeti a b\u00e9k\u00e9nket, az ostobas\u00e1g. Egyr\u00e9szt el\u0151bb-ut\u00f3bb akit ellens\u00e9gk\u00e9nt kezel\u00fcnk, az val\u00f3ban ellens\u00e9g lesz. M\u00e1sr\u00e9szt anyagilag sem \u00fczlet k\u00f6lcs\u00f6nb\u0151l fegyverkezni, mert a k\u00f6lcs\u00f6nnek a kamatai megdr\u00e1g\u00edtj\u00e1k. M\u00e1sr\u00e9szt a fegyverek gy\u00e1rt\u00e1sa csak a gy\u00e1rt\u00f3nak hoz hasznot. Ha m\u00e1s orsz\u00e1gb\u00f3l v\u00e1s\u00e1rolj\u00e1k a fegyvert, akkor a teljes fegyverv\u00e1s\u00e1rl\u00e1sra ford\u00edtott \u00f6sszeg egy fill\u00e9r (cent) haszon n\u00e9lk\u00fcli k\u00f6lts\u00e9gk\u00e9nt jelentkezik, \u00e9s vesz\u00e9lyesen megterheli az adott orsz\u00e1g k\u00f6lts\u00e9gvet\u00e9s\u00e9t. <\/span><\/span><\/p>\n<p align=\"left\"><span style=\"font-family: 'Liberation Serif', serif;color: #000000\"><span style=\"font-size: medium\">A megv\u00e1s\u00e1rolt fegyverek nem termel\u0151eszk\u00f6z\u00f6k, teh\u00e1t a v\u00e1s\u00e1rl\u00e1s ut\u00e1n nem hoznak hasznot, csak fizetni kell a k\u00f6lcs\u00f6n r\u00e9szleteit. <\/span><\/span><\/p>\n<p align=\"left\"><span style=\"font-family: 'Liberation Serif', serif;color: #000000\"><span style=\"font-size: medium\">Teh\u00e1t meggondoltan kell fegyverkezni, m\u0171k\u00f6d\u0151k\u00e9pes rendszerbe kell az eg\u00e9sz hadsereget szervezni. Egy \u00e9rtelmesen megtervezett hadsereget \u00e1lland\u00f3an karban tartanak, folyamatosan \u00e9s tervszer\u0171en cser\u00e9lik a hader\u0151nemek fegyvereit. Biztos\u00edtj\u00e1k az elavult fegyverek megtervezett, folyamatos cser\u00e9j\u00e9t. Nem kamp\u00e1nyszer\u0171en k\u00f6ltenek, egyszer szinte semmit, m\u00e1skor pedig feneketlen\u00fcl elad\u00f3sodnak. <\/span><\/span><\/p>\n<p align=\"left\"><span style=\"font-family: 'Liberation Serif', serif;color: #000000\"><span style=\"font-size: medium\">Nem lett volna \u00e9sszer\u0171bb \u00e9s gazdas\u00e1gosabb folyamatosan hadrafoghat\u00f3 \u00e1llapotban tartani az EU orsz\u00e1gainak hadseregeit?<\/span><\/span><\/p>\n<p align=\"left\"><span style=\"font-family: 'Liberation Serif', serif;color: #000000\"><span style=\"font-size: medium\"><b>K\u00f6vetkeztet\u00e9s<\/b><\/span><\/span><\/p>\n<p align=\"left\"><span style=\"font-family: 'Liberation Serif', serif;color: #000000\"><span style=\"font-size: medium\">A minden logik\u00e1t n\u00e9lk\u00fcl\u00f6z\u0151 \u00e9rtelmetlen h\u00e1bor\u00fas hiszt\u00e9ria beleillik a H\u00e1tt\u00e9rhatalom \u00e9vsz\u00e1zados technik\u00e1j\u00e1ba. Kiprovok\u00e1l helyi konfliktust Ukrajna \u00e9s Oroszorsz\u00e1g k\u00f6z\u00f6tt, majd mivel nem \u00e9ri el a c\u00e9ljait, megpr\u00f3b\u00e1lja az EU-t belehajszolni egy k\u00f6lcs\u00f6nb\u0151l v\u00e9grehajtott fegyverkez\u00e9sbe. \u00cdgy a fegyvergy\u00e1rt\u00e1sb\u00f3l sz\u00e1rmaz\u00f3 haszon \u00e9s a k\u00f6lcs\u00f6nb\u0151l keletkez\u0151 haszon is a H\u00e1tt\u00e9rhatalom haszna lesz. Sz\u00e9p kerek terv \u2013 m\u00e1rmint a H\u00e1tt\u00e9rhatalom szempontj\u00e1b\u00f3l. <\/span><\/span><\/p>\n<p align=\"left\"><span style=\"font-family: 'Liberation Serif', serif;color: #000000\"><span style=\"font-size: medium\">Ebben seg\u00edtik a H\u00e1tt\u00e9rhatalmat a megv\u00e1s\u00e1rolt, illetve megvezetett EU politikusok, lobbist\u00e1k, \u00e1l-civil szervezetek, \u00e9s a m\u00e9di\u00e1k nagy r\u00e9sze.<\/span><\/span><\/p>\n<p align=\"left\"><span style=\"font-family: 'Liberation Serif', serif;color: #000000\"><span style=\"font-size: medium\"><b>Kock\u00e1zat<\/b><\/span><\/span><\/p>\n<p align=\"left\"><span style=\"font-family: 'Liberation Serif', serif;color: #000000\"><span style=\"font-size: medium\">A kock\u00e1zata ennek az eg\u00e9sz \u00e1rm\u00e1nykod\u00e1snak abban tal\u00e1lhat\u00f3, hogy a felgyors\u00edtott fegyverkez\u00e9s a felt\u00e9telezett ellens\u00e9gn\u00e9l is fegyverkez\u00e9st fog gener\u00e1lni. A mindk\u00e9t oldalon felp\u00f6rgetett fegyverkez\u00e9si spir\u00e1l mag\u00e1ban hordozza azt a vesz\u00e9lyt, hogy valaki t\u00e9ved\u00e9se elind\u00edthat egy komolyabb konfliktust<b> <\/b><span lang=\"et-EE\">\u2013<\/span><b> <\/b>ak\u00e1r a harmadik vil\u00e1gh\u00e1bor\u00fat is.<\/span><\/span><\/p>\n<p align=\"left\"><span style=\"font-family: 'Liberation Serif', serif;color: #000000\"><span style=\"font-size: medium\">Meg\u00e9ri ezt a kock\u00e1zatot v\u00e1llalni?<\/span><\/span><\/p>\n","protected":false},"excerpt":{"rendered":"<p>A fegyverkez\u00e9s \u00e9s a p\u00e9nz, szoros kapcsolatban \u00e1llnak egym\u00e1ssal. Minden fegyverkez\u00e9si hajsz\u00e1nak is, minden h\u00e1bor\u00fanak is legt\u00f6bbsz\u00f6r gazdas\u00e1gi mozgat\u00f3rug\u00f3ja van. \u00c9rdemes h\u00e1t k\u00f6zelebbr\u0151l megn\u00e9zn\u00fcnk ezen \u00f6sszef\u00fcgg\u00e9seket \u00e9s p\u00e1rhuzamokat, valamint holl\u00e9teiket.&hellip;<\/p>\n","protected":false},"author":16,"featured_media":2395,"comment_status":"open","ping_status":"open","sticky":false,"template":"","format":"standard","meta":{"_eb_attr":"","footnotes":""},"categories":[114],"tags":[],"class_list":["post-2394","post","type-post","status-publish","format-standard","has-post-thumbnail","hentry","category-magyar"],"_links":{"self":[{"href":"https:\/\/www.uudistekeskus.eu\/index.php?rest_route=\/wp\/v2\/posts\/2394","targetHints":{"allow":["GET"]}}],"collection":[{"href":"https:\/\/www.uudistekeskus.eu\/index.php?rest_route=\/wp\/v2\/posts"}],"about":[{"href":"https:\/\/www.uudistekeskus.eu\/index.php?rest_route=\/wp\/v2\/types\/post"}],"author":[{"embeddable":true,"href":"https:\/\/www.uudistekeskus.eu\/index.php?rest_route=\/wp\/v2\/users\/16"}],"replies":[{"embeddable":true,"href":"https:\/\/www.uudistekeskus.eu\/index.php?rest_route=%2Fwp%2Fv2%2Fcomments&post=2394"}],"version-history":[{"count":3,"href":"https:\/\/www.uudistekeskus.eu\/index.php?rest_route=\/wp\/v2\/posts\/2394\/revisions"}],"predecessor-version":[{"id":2399,"href":"https:\/\/www.uudistekeskus.eu\/index.php?rest_route=\/wp\/v2\/posts\/2394\/revisions\/2399"}],"wp:featuredmedia":[{"embeddable":true,"href":"https:\/\/www.uudistekeskus.eu\/index.php?rest_route=\/wp\/v2\/media\/2395"}],"wp:attachment":[{"href":"https:\/\/www.uudistekeskus.eu\/index.php?rest_route=%2Fwp%2Fv2%2Fmedia&parent=2394"}],"wp:term":[{"taxonomy":"category","embeddable":true,"href":"https:\/\/www.uudistekeskus.eu\/index.php?rest_route=%2Fwp%2Fv2%2Fcategories&post=2394"},{"taxonomy":"post_tag","embeddable":true,"href":"https:\/\/www.uudistekeskus.eu\/index.php?rest_route=%2Fwp%2Fv2%2Ftags&post=2394"}],"curies":[{"name":"wp","href":"https:\/\/api.w.org\/{rel}","templated":true}]}}